{"id":29970,"date":"2019-12-11T16:37:01","date_gmt":"2019-12-11T15:37:01","guid":{"rendered":"https:\/\/www.idecsport.com\/video-a-look-back-at-the-press-conference-in-ho-chi-minh\/"},"modified":"2019-12-11T16:59:42","modified_gmt":"2019-12-11T15:59:42","slug":"video-a-look-back-at-the-press-conference-in-ho-chi-minh","status":"publish","type":"post","link":"https:\/\/www.idecsport.com\/en\/video-a-look-back-at-the-press-conference-in-ho-chi-minh\/","title":{"rendered":"(VIDEO): A LOOK BACK AT THE PRESS CONFERENCE IN HO CHI MINH"},"content":{"rendered":"<p>Time to take a look at the press conference that took place yesterday morning in Ho Chi Minh City for the Vietnamese media. Francis Joyon talks about finishing in Vietnam and about the next Act (3) in the IDEC SPORT ASIAN TOUR. He is due to set sail late this week to make his way to Hong Kong.<\/p>\n<p><iframe loading=\"lazy\" title=\"Interview de Francis Joyon lors de la conf\u00e9rence de presse organis\u00e9e \u00e0 Ho Chi Minh\" width=\"500\" height=\"281\" src=\"https:\/\/www.youtube.com\/embed\/OrtToYzHENM?feature=oembed\" frameborder=\"0\" allow=\"accelerometer; autoplay; clipboard-write; encrypted-media; gyroscope; picture-in-picture; web-share\" referrerpolicy=\"strict-origin-when-cross-origin\" allowfullscreen><\/iframe><\/p>\n","protected":false},"excerpt":{"rendered":"<p>Time to take a look at the press conference that took place yesterday morning in Ho Chi Minh City for the Vietnamese media. Francis Joyon talks about finishing in Vietnam and about the next Act (3) in the IDEC SPORT ASIAN TOUR. He is due to set sail late this week to make his way &hellip;<\/p>\n","protected":false},"author":2,"featured_media":27789,"comment_status":"closed","ping_status":"closed","sticky":false,"template":"","format":"standard","meta":{"footnotes":""},"categories":[12],"tags":[],"class_list":["post-29970","post","type-post","status-publish","format-standard","has-post-thumbnail","hentry","category-sailing"],"yoast_head":"<!-- This site is optimized with the Yoast SEO plugin v27.1.1 - https:\/\/yoast.com\/product\/yoast-seo-wordpress\/ -->\n<title>(VIDEO): A LOOK BACK AT THE PRESS CONFERENCE IN HO CHI MINH - IDEC SPORT<\/title>\n<meta name=\"robots\" content=\"index, follow, max-snippet:-1, max-image-preview:large, max-video-preview:-1\" \/>\n<link rel=\"canonical\" href=\"https:\/\/www.idecsport.com\/en\/video-a-look-back-at-the-press-conference-in-ho-chi-minh\/\" \/>\n<meta property=\"og:locale\" content=\"en_US\" \/>\n<meta property=\"og:type\" content=\"article\" \/>\n<meta property=\"og:title\" content=\"(VIDEO): A LOOK BACK AT THE PRESS CONFERENCE IN HO CHI MINH - IDEC SPORT\" \/>\n<meta property=\"og:description\" content=\"Time to take a look at the press conference that took place yesterday morning in Ho Chi Minh City for the Vietnamese media. Francis Joyon talks about finishing in Vietnam and about the next Act (3) in the IDEC SPORT ASIAN TOUR. He is due to set sail late this week to make his way &hellip;\" \/>\n<meta property=\"og:url\" content=\"https:\/\/www.idecsport.com\/en\/video-a-look-back-at-the-press-conference-in-ho-chi-minh\/\" \/>\n<meta property=\"og:site_name\" content=\"IDEC SPORT\" \/>\n<meta property=\"article:publisher\" content=\"https:\/\/www.facebook.com\/IDECSPORT\/\" \/>\n<meta property=\"article:published_time\" content=\"2019-12-11T15:37:01+00:00\" \/>\n<meta property=\"article:modified_time\" content=\"2019-12-11T15:59:42+00:00\" \/>\n<meta property=\"og:image\" content=\"https:\/\/www.idecsport.com\/wp-content\/uploads\/2019\/12\/IDECsport_HCM_104-copie.jpg\" \/>\n\t<meta property=\"og:image:width\" content=\"1500\" \/>\n\t<meta property=\"og:image:height\" content=\"1003\" \/>\n\t<meta property=\"og:image:type\" content=\"image\/jpeg\" \/>\n<meta name=\"author\" content=\"Fabrice Thomazeau\" \/>\n<meta name=\"twitter:card\" content=\"summary_large_image\" \/>\n<meta name=\"twitter:creator\" content=\"@IdecSport\" \/>\n<meta name=\"twitter:site\" content=\"@IdecSport\" \/>\n<meta name=\"twitter:label1\" content=\"Written by\" \/>\n\t<meta name=\"twitter:data1\" content=\"Fabrice Thomazeau\" \/>\n<script type=\"application\/ld+json\" class=\"yoast-schema-graph\">{\"@context\":\"https:\/\/schema.org\",\"@graph\":[{\"@type\":\"Article\",\"@id\":\"https:\/\/www.idecsport.com\/en\/video-a-look-back-at-the-press-conference-in-ho-chi-minh\/#article\",\"isPartOf\":{\"@id\":\"https:\/\/www.idecsport.com\/en\/video-a-look-back-at-the-press-conference-in-ho-chi-minh\/\"},\"author\":{\"name\":\"Fabrice Thomazeau\",\"@id\":\"https:\/\/www.idecsport.com\/en\/#\/schema\/person\/490ac24aa579f028d2767ae824c479c2\"},\"headline\":\"(VIDEO): A LOOK BACK AT THE PRESS CONFERENCE IN HO CHI MINH\",\"datePublished\":\"2019-12-11T15:37:01+00:00\",\"dateModified\":\"2019-12-11T15:59:42+00:00\",\"mainEntityOfPage\":{\"@id\":\"https:\/\/www.idecsport.com\/en\/video-a-look-back-at-the-press-conference-in-ho-chi-minh\/\"},\"wordCount\":73,\"publisher\":{\"@id\":\"https:\/\/www.idecsport.com\/en\/#organization\"},\"image\":{\"@id\":\"https:\/\/www.idecsport.com\/en\/video-a-look-back-at-the-press-conference-in-ho-chi-minh\/#primaryimage\"},\"thumbnailUrl\":\"https:\/\/www.idecsport.com\/wp-content\/uploads\/2019\/12\/IDECsport_HCM_104-copie.jpg\",\"articleSection\":[\"Sailing\"],\"inLanguage\":\"en-US\"},{\"@type\":\"WebPage\",\"@id\":\"https:\/\/www.idecsport.com\/en\/video-a-look-back-at-the-press-conference-in-ho-chi-minh\/\",\"url\":\"https:\/\/www.idecsport.com\/en\/video-a-look-back-at-the-press-conference-in-ho-chi-minh\/\",\"name\":\"(VIDEO): A LOOK BACK AT THE PRESS CONFERENCE IN HO CHI MINH - IDEC SPORT\",\"isPartOf\":{\"@id\":\"https:\/\/www.idecsport.com\/en\/#website\"},\"primaryImageOfPage\":{\"@id\":\"https:\/\/www.idecsport.com\/en\/video-a-look-back-at-the-press-conference-in-ho-chi-minh\/#primaryimage\"},\"image\":{\"@id\":\"https:\/\/www.idecsport.com\/en\/video-a-look-back-at-the-press-conference-in-ho-chi-minh\/#primaryimage\"},\"thumbnailUrl\":\"https:\/\/www.idecsport.com\/wp-content\/uploads\/2019\/12\/IDECsport_HCM_104-copie.jpg\",\"datePublished\":\"2019-12-11T15:37:01+00:00\",\"dateModified\":\"2019-12-11T15:59:42+00:00\",\"breadcrumb\":{\"@id\":\"https:\/\/www.idecsport.com\/en\/video-a-look-back-at-the-press-conference-in-ho-chi-minh\/#breadcrumb\"},\"inLanguage\":\"en-US\",\"potentialAction\":[{\"@type\":\"ReadAction\",\"target\":[\"https:\/\/www.idecsport.com\/en\/video-a-look-back-at-the-press-conference-in-ho-chi-minh\/\"]}]},{\"@type\":\"ImageObject\",\"inLanguage\":\"en-US\",\"@id\":\"https:\/\/www.idecsport.com\/en\/video-a-look-back-at-the-press-conference-in-ho-chi-minh\/#primaryimage\",\"url\":\"https:\/\/www.idecsport.com\/wp-content\/uploads\/2019\/12\/IDECsport_HCM_104-copie.jpg\",\"contentUrl\":\"https:\/\/www.idecsport.com\/wp-content\/uploads\/2019\/12\/IDECsport_HCM_104-copie.jpg\",\"width\":1500,\"height\":1003,\"caption\":\"HO CHI MINH CITY, VIETNAM - DECEMBER 10: Press conference of the IDEC Sport sailing team is held at Nha Rong Port on December 10, 2019, in Ho-Chi-Minh City, Vietnam. From L to R : Christophe Houdet, Corentin Joyon, Francis Joyon, Bertrand Delesne, Antoine Blouet. (Photo by Quinn Ryan Mattingly\/Alea)\"},{\"@type\":\"BreadcrumbList\",\"@id\":\"https:\/\/www.idecsport.com\/en\/video-a-look-back-at-the-press-conference-in-ho-chi-minh\/#breadcrumb\",\"itemListElement\":[{\"@type\":\"ListItem\",\"position\":1,\"name\":\"Accueil\",\"item\":\"https:\/\/www.idecsport.com\/en\/\"},{\"@type\":\"ListItem\",\"position\":2,\"name\":\"(VIDEO): A LOOK BACK AT THE PRESS CONFERENCE IN HO CHI MINH\"}]},{\"@type\":\"WebSite\",\"@id\":\"https:\/\/www.idecsport.com\/en\/#website\",\"url\":\"https:\/\/www.idecsport.com\/en\/\",\"name\":\"IDEC SPORT\",\"description\":\"Branche sportive du GROUPE IDEC, IDEC SPORT rassemble tous les partenariats sportifs sous une seule et m\u00eame banni\u00e8re. La voile avec Francis Joyon, le sport auto, le basket, le Football, le Rugby et l&#039;Handisport\",\"publisher\":{\"@id\":\"https:\/\/www.idecsport.com\/en\/#organization\"},\"potentialAction\":[{\"@type\":\"SearchAction\",\"target\":{\"@type\":\"EntryPoint\",\"urlTemplate\":\"https:\/\/www.idecsport.com\/en\/?s={search_term_string}\"},\"query-input\":{\"@type\":\"PropertyValueSpecification\",\"valueRequired\":true,\"valueName\":\"search_term_string\"}}],\"inLanguage\":\"en-US\"},{\"@type\":\"Organization\",\"@id\":\"https:\/\/www.idecsport.com\/en\/#organization\",\"name\":\"IDEC SPORT\",\"url\":\"https:\/\/www.idecsport.com\/en\/\",\"logo\":{\"@type\":\"ImageObject\",\"inLanguage\":\"en-US\",\"@id\":\"https:\/\/www.idecsport.com\/en\/#\/schema\/logo\/image\/\",\"url\":\"https:\/\/www.idecsport.com\/wp-content\/uploads\/2022\/02\/Logo-IDEC-SPORT_carre_512_02-2022.jpg\",\"contentUrl\":\"https:\/\/www.idecsport.com\/wp-content\/uploads\/2022\/02\/Logo-IDEC-SPORT_carre_512_02-2022.jpg\",\"width\":512,\"height\":512,\"caption\":\"IDEC SPORT\"},\"image\":{\"@id\":\"https:\/\/www.idecsport.com\/en\/#\/schema\/logo\/image\/\"},\"sameAs\":[\"https:\/\/www.facebook.com\/IDECSPORT\/\",\"https:\/\/x.com\/IdecSport\",\"https:\/\/www.linkedin.com\/company\/idecsport-racing\/\",\"https:\/\/www.youtube.com\/channel\/UCjGcu2H6w63f2_MirkRlRXw\"]},{\"@type\":\"Person\",\"@id\":\"https:\/\/www.idecsport.com\/en\/#\/schema\/person\/490ac24aa579f028d2767ae824c479c2\",\"name\":\"Fabrice Thomazeau\",\"image\":{\"@type\":\"ImageObject\",\"inLanguage\":\"en-US\",\"@id\":\"https:\/\/www.idecsport.com\/en\/#\/schema\/person\/image\/\",\"url\":\"https:\/\/secure.gravatar.com\/avatar\/559f3a11121360d4589de964a10d9bc9615d6d2717b5039f9f05007a15a0f7f4?s=96&d=mm&r=g\",\"contentUrl\":\"https:\/\/secure.gravatar.com\/avatar\/559f3a11121360d4589de964a10d9bc9615d6d2717b5039f9f05007a15a0f7f4?s=96&d=mm&r=g\",\"caption\":\"Fabrice Thomazeau\"}}]}<\/script>\n<!-- \/ Yoast SEO plugin. -->","yoast_head_json":{"title":"(VIDEO): A LOOK BACK AT THE PRESS CONFERENCE IN HO CHI MINH - IDEC SPORT","robots":{"index":"index","follow":"follow","max-snippet":"max-snippet:-1","max-image-preview":"max-image-preview:large","max-video-preview":"max-video-preview:-1"},"canonical":"https:\/\/www.idecsport.com\/en\/video-a-look-back-at-the-press-conference-in-ho-chi-minh\/","og_locale":"en_US","og_type":"article","og_title":"(VIDEO): A LOOK BACK AT THE PRESS CONFERENCE IN HO CHI MINH - IDEC SPORT","og_description":"Time to take a look at the press conference that took place yesterday morning in Ho Chi Minh City for the Vietnamese media. Francis Joyon talks about finishing in Vietnam and about the next Act (3) in the IDEC SPORT ASIAN TOUR. He is due to set sail late this week to make his way &hellip;","og_url":"https:\/\/www.idecsport.com\/en\/video-a-look-back-at-the-press-conference-in-ho-chi-minh\/","og_site_name":"IDEC SPORT","article_publisher":"https:\/\/www.facebook.com\/IDECSPORT\/","article_published_time":"2019-12-11T15:37:01+00:00","article_modified_time":"2019-12-11T15:59:42+00:00","og_image":[{"width":1500,"height":1003,"url":"https:\/\/www.idecsport.com\/wp-content\/uploads\/2019\/12\/IDECsport_HCM_104-copie.jpg","type":"image\/jpeg"}],"author":"Fabrice Thomazeau","twitter_card":"summary_large_image","twitter_creator":"@IdecSport","twitter_site":"@IdecSport","twitter_misc":{"Written by":"Fabrice Thomazeau"},"schema":{"@context":"https:\/\/schema.org","@graph":[{"@type":"Article","@id":"https:\/\/www.idecsport.com\/en\/video-a-look-back-at-the-press-conference-in-ho-chi-minh\/#article","isPartOf":{"@id":"https:\/\/www.idecsport.com\/en\/video-a-look-back-at-the-press-conference-in-ho-chi-minh\/"},"author":{"name":"Fabrice Thomazeau","@id":"https:\/\/www.idecsport.com\/en\/#\/schema\/person\/490ac24aa579f028d2767ae824c479c2"},"headline":"(VIDEO): A LOOK BACK AT THE PRESS CONFERENCE IN HO CHI MINH","datePublished":"2019-12-11T15:37:01+00:00","dateModified":"2019-12-11T15:59:42+00:00","mainEntityOfPage":{"@id":"https:\/\/www.idecsport.com\/en\/video-a-look-back-at-the-press-conference-in-ho-chi-minh\/"},"wordCount":73,"publisher":{"@id":"https:\/\/www.idecsport.com\/en\/#organization"},"image":{"@id":"https:\/\/www.idecsport.com\/en\/video-a-look-back-at-the-press-conference-in-ho-chi-minh\/#primaryimage"},"thumbnailUrl":"https:\/\/www.idecsport.com\/wp-content\/uploads\/2019\/12\/IDECsport_HCM_104-copie.jpg","articleSection":["Sailing"],"inLanguage":"en-US"},{"@type":"WebPage","@id":"https:\/\/www.idecsport.com\/en\/video-a-look-back-at-the-press-conference-in-ho-chi-minh\/","url":"https:\/\/www.idecsport.com\/en\/video-a-look-back-at-the-press-conference-in-ho-chi-minh\/","name":"(VIDEO): A LOOK BACK AT THE PRESS CONFERENCE IN HO CHI MINH - IDEC SPORT","isPartOf":{"@id":"https:\/\/www.idecsport.com\/en\/#website"},"primaryImageOfPage":{"@id":"https:\/\/www.idecsport.com\/en\/video-a-look-back-at-the-press-conference-in-ho-chi-minh\/#primaryimage"},"image":{"@id":"https:\/\/www.idecsport.com\/en\/video-a-look-back-at-the-press-conference-in-ho-chi-minh\/#primaryimage"},"thumbnailUrl":"https:\/\/www.idecsport.com\/wp-content\/uploads\/2019\/12\/IDECsport_HCM_104-copie.jpg","datePublished":"2019-12-11T15:37:01+00:00","dateModified":"2019-12-11T15:59:42+00:00","breadcrumb":{"@id":"https:\/\/www.idecsport.com\/en\/video-a-look-back-at-the-press-conference-in-ho-chi-minh\/#breadcrumb"},"inLanguage":"en-US","potentialAction":[{"@type":"ReadAction","target":["https:\/\/www.idecsport.com\/en\/video-a-look-back-at-the-press-conference-in-ho-chi-minh\/"]}]},{"@type":"ImageObject","inLanguage":"en-US","@id":"https:\/\/www.idecsport.com\/en\/video-a-look-back-at-the-press-conference-in-ho-chi-minh\/#primaryimage","url":"https:\/\/www.idecsport.com\/wp-content\/uploads\/2019\/12\/IDECsport_HCM_104-copie.jpg","contentUrl":"https:\/\/www.idecsport.com\/wp-content\/uploads\/2019\/12\/IDECsport_HCM_104-copie.jpg","width":1500,"height":1003,"caption":"HO CHI MINH CITY, VIETNAM - DECEMBER 10: Press conference of the IDEC Sport sailing team is held at Nha Rong Port on December 10, 2019, in Ho-Chi-Minh City, Vietnam. From L to R : Christophe Houdet, Corentin Joyon, Francis Joyon, Bertrand Delesne, Antoine Blouet. (Photo by Quinn Ryan Mattingly\/Alea)"},{"@type":"BreadcrumbList","@id":"https:\/\/www.idecsport.com\/en\/video-a-look-back-at-the-press-conference-in-ho-chi-minh\/#breadcrumb","itemListElement":[{"@type":"ListItem","position":1,"name":"Accueil","item":"https:\/\/www.idecsport.com\/en\/"},{"@type":"ListItem","position":2,"name":"(VIDEO): A LOOK BACK AT THE PRESS CONFERENCE IN HO CHI MINH"}]},{"@type":"WebSite","@id":"https:\/\/www.idecsport.com\/en\/#website","url":"https:\/\/www.idecsport.com\/en\/","name":"IDEC SPORT","description":"Branche sportive du GROUPE IDEC, IDEC SPORT rassemble tous les partenariats sportifs sous une seule et m\u00eame banni\u00e8re. La voile avec Francis Joyon, le sport auto, le basket, le Football, le Rugby et l&#039;Handisport","publisher":{"@id":"https:\/\/www.idecsport.com\/en\/#organization"},"potentialAction":[{"@type":"SearchAction","target":{"@type":"EntryPoint","urlTemplate":"https:\/\/www.idecsport.com\/en\/?s={search_term_string}"},"query-input":{"@type":"PropertyValueSpecification","valueRequired":true,"valueName":"search_term_string"}}],"inLanguage":"en-US"},{"@type":"Organization","@id":"https:\/\/www.idecsport.com\/en\/#organization","name":"IDEC SPORT","url":"https:\/\/www.idecsport.com\/en\/","logo":{"@type":"ImageObject","inLanguage":"en-US","@id":"https:\/\/www.idecsport.com\/en\/#\/schema\/logo\/image\/","url":"https:\/\/www.idecsport.com\/wp-content\/uploads\/2022\/02\/Logo-IDEC-SPORT_carre_512_02-2022.jpg","contentUrl":"https:\/\/www.idecsport.com\/wp-content\/uploads\/2022\/02\/Logo-IDEC-SPORT_carre_512_02-2022.jpg","width":512,"height":512,"caption":"IDEC SPORT"},"image":{"@id":"https:\/\/www.idecsport.com\/en\/#\/schema\/logo\/image\/"},"sameAs":["https:\/\/www.facebook.com\/IDECSPORT\/","https:\/\/x.com\/IdecSport","https:\/\/www.linkedin.com\/company\/idecsport-racing\/","https:\/\/www.youtube.com\/channel\/UCjGcu2H6w63f2_MirkRlRXw"]},{"@type":"Person","@id":"https:\/\/www.idecsport.com\/en\/#\/schema\/person\/490ac24aa579f028d2767ae824c479c2","name":"Fabrice Thomazeau","image":{"@type":"ImageObject","inLanguage":"en-US","@id":"https:\/\/www.idecsport.com\/en\/#\/schema\/person\/image\/","url":"https:\/\/secure.gravatar.com\/avatar\/559f3a11121360d4589de964a10d9bc9615d6d2717b5039f9f05007a15a0f7f4?s=96&d=mm&r=g","contentUrl":"https:\/\/secure.gravatar.com\/avatar\/559f3a11121360d4589de964a10d9bc9615d6d2717b5039f9f05007a15a0f7f4?s=96&d=mm&r=g","caption":"Fabrice Thomazeau"}}]}},"_links":{"self":[{"href":"https:\/\/www.idecsport.com\/en\/wp-json\/wp\/v2\/posts\/29970","targetHints":{"allow":["GET"]}}],"collection":[{"href":"https:\/\/www.idecsport.com\/en\/wp-json\/wp\/v2\/posts"}],"about":[{"href":"https:\/\/www.idecsport.com\/en\/wp-json\/wp\/v2\/types\/post"}],"author":[{"embeddable":true,"href":"https:\/\/www.idecsport.com\/en\/wp-json\/wp\/v2\/users\/2"}],"replies":[{"embeddable":true,"href":"https:\/\/www.idecsport.com\/en\/wp-json\/wp\/v2\/comments?post=29970"}],"version-history":[{"count":2,"href":"https:\/\/www.idecsport.com\/en\/wp-json\/wp\/v2\/posts\/29970\/revisions"}],"predecessor-version":[{"id":29985,"href":"https:\/\/www.idecsport.com\/en\/wp-json\/wp\/v2\/posts\/29970\/revisions\/29985"}],"wp:featuredmedia":[{"embeddable":true,"href":"https:\/\/www.idecsport.com\/en\/wp-json\/wp\/v2\/media\/27789"}],"wp:attachment":[{"href":"https:\/\/www.idecsport.com\/en\/wp-json\/wp\/v2\/media?parent=29970"}],"wp:term":[{"taxonomy":"category","embeddable":true,"href":"https:\/\/www.idecsport.com\/en\/wp-json\/wp\/v2\/categories?post=29970"},{"taxonomy":"post_tag","embeddable":true,"href":"https:\/\/www.idecsport.com\/en\/wp-json\/wp\/v2\/tags?post=29970"}],"curies":[{"name":"wp","href":"https:\/\/api.w.org\/{rel}","templated":true}]}}