{"id":1989,"date":"2016-12-17T00:00:00","date_gmt":"2016-12-16T23:00:00","guid":{"rendered":"https:\/\/www.idecsport.com\/the-right-tempo\/"},"modified":"2019-04-16T10:21:39","modified_gmt":"2019-04-16T08:21:39","slug":"the-right-tempo","status":"publish","type":"post","link":"https:\/\/www.idecsport.com\/en\/the-right-tempo\/","title":{"rendered":"THE RIGHT TEMPO"},"content":{"rendered":"<p><strong>The IDEC SPORT maxi-trimaran got straight into the pace in her attempt at the Jules Verne Trophy record.<\/strong><\/p>\n<p>Francis Joyon and his crew of five, S\u00e9bastien Audigane, Alex Pella, Cl\u00e9ment Surtel, Gw\u00e9nol\u00e9 Gahinet and Bernard Stamm had from the outset to make the most of the weather. The strong NNE\u2019ly wind forced them to carry out a series of gybes and change tack with the wind from astern. A tricky job, but one that was required in order to stay in the strip of wind, which will see them passing Spain and Portugal on their second day. Permanently above thirty knots, Joyon and his men, while not diving straight down, are managing to make good headway south.<\/p>\n<p>The first 24 hours match the forecasts established by Francis and Marcel van Triest before they set off with around a loss of 75 miles in comparison to the pace of the title-holder Banque Populaire V. Not wishing to hang around, when there was a job to be done, Joyon\u2019s boys decoded to give it a go and make the most of this weather opportunity, confident in the ability of their boat, which has been fine tuned since last year\u2019s attempt.<\/p>\n","protected":false},"excerpt":{"rendered":"<p>The IDEC SPORT maxi-trimaran got straight into the pace in her attempt at the Jules Verne Trophy record.<\/p>\n","protected":false},"author":2,"featured_media":1337,"comment_status":"closed","ping_status":"open","sticky":false,"template":"","format":"standard","meta":{"footnotes":""},"categories":[12],"tags":[],"class_list":["post-1989","post","type-post","status-publish","format-standard","has-post-thumbnail","hentry","category-sailing"],"yoast_head":"<!-- This site is optimized with the Yoast SEO plugin v27.1.1 - https:\/\/yoast.com\/product\/yoast-seo-wordpress\/ -->\n<title>THE RIGHT TEMPO - IDEC SPORT<\/title>\n<meta name=\"robots\" content=\"index, follow, max-snippet:-1, max-image-preview:large, max-video-preview:-1\" \/>\n<link rel=\"canonical\" href=\"https:\/\/www.idecsport.com\/en\/the-right-tempo\/\" \/>\n<meta property=\"og:locale\" content=\"en_US\" \/>\n<meta property=\"og:type\" content=\"article\" \/>\n<meta property=\"og:title\" content=\"THE RIGHT TEMPO - IDEC SPORT\" \/>\n<meta property=\"og:description\" content=\"The IDEC SPORT maxi-trimaran got straight into the pace in her attempt at the Jules Verne Trophy record.\" \/>\n<meta property=\"og:url\" content=\"https:\/\/www.idecsport.com\/en\/the-right-tempo\/\" \/>\n<meta property=\"og:site_name\" content=\"IDEC SPORT\" \/>\n<meta property=\"article:publisher\" content=\"https:\/\/www.facebook.com\/IDECSPORT\/\" \/>\n<meta property=\"article:published_time\" content=\"2016-12-16T23:00:00+00:00\" \/>\n<meta property=\"article:modified_time\" content=\"2019-04-16T08:21:39+00:00\" \/>\n<meta property=\"og:image\" content=\"https:\/\/www.idecsport.com\/wp-content\/uploads\/2019\/03\/2JML2558-1024x683.jpg\" \/>\n\t<meta property=\"og:image:width\" content=\"1024\" \/>\n\t<meta property=\"og:image:height\" content=\"683\" \/>\n\t<meta property=\"og:image:type\" content=\"image\/jpeg\" \/>\n<meta name=\"author\" content=\"Fabrice Thomazeau\" \/>\n<meta name=\"twitter:card\" content=\"summary_large_image\" \/>\n<meta name=\"twitter:creator\" content=\"@IdecSport\" \/>\n<meta name=\"twitter:site\" content=\"@IdecSport\" \/>\n<meta name=\"twitter:label1\" content=\"Written by\" \/>\n\t<meta name=\"twitter:data1\" content=\"Fabrice Thomazeau\" \/>\n\t<meta name=\"twitter:label2\" content=\"Est. reading time\" \/>\n\t<meta name=\"twitter:data2\" content=\"1 minute\" \/>\n<script type=\"application\/ld+json\" class=\"yoast-schema-graph\">{\"@context\":\"https:\/\/schema.org\",\"@graph\":[{\"@type\":\"Article\",\"@id\":\"https:\/\/www.idecsport.com\/en\/the-right-tempo\/#article\",\"isPartOf\":{\"@id\":\"https:\/\/www.idecsport.com\/en\/the-right-tempo\/\"},\"author\":{\"name\":\"Fabrice Thomazeau\",\"@id\":\"https:\/\/www.idecsport.com\/en\/#\/schema\/person\/490ac24aa579f028d2767ae824c479c2\"},\"headline\":\"THE RIGHT TEMPO\",\"datePublished\":\"2016-12-16T23:00:00+00:00\",\"dateModified\":\"2019-04-16T08:21:39+00:00\",\"mainEntityOfPage\":{\"@id\":\"https:\/\/www.idecsport.com\/en\/the-right-tempo\/\"},\"wordCount\":205,\"publisher\":{\"@id\":\"https:\/\/www.idecsport.com\/en\/#organization\"},\"image\":{\"@id\":\"https:\/\/www.idecsport.com\/en\/the-right-tempo\/#primaryimage\"},\"thumbnailUrl\":\"https:\/\/www.idecsport.com\/wp-content\/uploads\/2019\/03\/2JML2558.jpg\",\"articleSection\":[\"Sailing\"],\"inLanguage\":\"en-US\"},{\"@type\":\"WebPage\",\"@id\":\"https:\/\/www.idecsport.com\/en\/the-right-tempo\/\",\"url\":\"https:\/\/www.idecsport.com\/en\/the-right-tempo\/\",\"name\":\"THE RIGHT TEMPO - IDEC SPORT\",\"isPartOf\":{\"@id\":\"https:\/\/www.idecsport.com\/en\/#website\"},\"primaryImageOfPage\":{\"@id\":\"https:\/\/www.idecsport.com\/en\/the-right-tempo\/#primaryimage\"},\"image\":{\"@id\":\"https:\/\/www.idecsport.com\/en\/the-right-tempo\/#primaryimage\"},\"thumbnailUrl\":\"https:\/\/www.idecsport.com\/wp-content\/uploads\/2019\/03\/2JML2558.jpg\",\"datePublished\":\"2016-12-16T23:00:00+00:00\",\"dateModified\":\"2019-04-16T08:21:39+00:00\",\"breadcrumb\":{\"@id\":\"https:\/\/www.idecsport.com\/en\/the-right-tempo\/#breadcrumb\"},\"inLanguage\":\"en-US\",\"potentialAction\":[{\"@type\":\"ReadAction\",\"target\":[\"https:\/\/www.idecsport.com\/en\/the-right-tempo\/\"]}]},{\"@type\":\"ImageObject\",\"inLanguage\":\"en-US\",\"@id\":\"https:\/\/www.idecsport.com\/en\/the-right-tempo\/#primaryimage\",\"url\":\"https:\/\/www.idecsport.com\/wp-content\/uploads\/2019\/03\/2JML2558.jpg\",\"contentUrl\":\"https:\/\/www.idecsport.com\/wp-content\/uploads\/2019\/03\/2JML2558.jpg\",\"width\":4252,\"height\":2835},{\"@type\":\"BreadcrumbList\",\"@id\":\"https:\/\/www.idecsport.com\/en\/the-right-tempo\/#breadcrumb\",\"itemListElement\":[{\"@type\":\"ListItem\",\"position\":1,\"name\":\"Accueil\",\"item\":\"https:\/\/www.idecsport.com\/en\/\"},{\"@type\":\"ListItem\",\"position\":2,\"name\":\"THE RIGHT TEMPO\"}]},{\"@type\":\"WebSite\",\"@id\":\"https:\/\/www.idecsport.com\/en\/#website\",\"url\":\"https:\/\/www.idecsport.com\/en\/\",\"name\":\"IDEC SPORT\",\"description\":\"Branche sportive du GROUPE IDEC, IDEC SPORT rassemble tous les partenariats sportifs sous une seule et m\u00eame banni\u00e8re. La voile avec Francis Joyon, le sport auto, le basket, le Football, le Rugby et l&#039;Handisport\",\"publisher\":{\"@id\":\"https:\/\/www.idecsport.com\/en\/#organization\"},\"potentialAction\":[{\"@type\":\"SearchAction\",\"target\":{\"@type\":\"EntryPoint\",\"urlTemplate\":\"https:\/\/www.idecsport.com\/en\/?s={search_term_string}\"},\"query-input\":{\"@type\":\"PropertyValueSpecification\",\"valueRequired\":true,\"valueName\":\"search_term_string\"}}],\"inLanguage\":\"en-US\"},{\"@type\":\"Organization\",\"@id\":\"https:\/\/www.idecsport.com\/en\/#organization\",\"name\":\"IDEC SPORT\",\"url\":\"https:\/\/www.idecsport.com\/en\/\",\"logo\":{\"@type\":\"ImageObject\",\"inLanguage\":\"en-US\",\"@id\":\"https:\/\/www.idecsport.com\/en\/#\/schema\/logo\/image\/\",\"url\":\"https:\/\/www.idecsport.com\/wp-content\/uploads\/2022\/02\/Logo-IDEC-SPORT_carre_512_02-2022.jpg\",\"contentUrl\":\"https:\/\/www.idecsport.com\/wp-content\/uploads\/2022\/02\/Logo-IDEC-SPORT_carre_512_02-2022.jpg\",\"width\":512,\"height\":512,\"caption\":\"IDEC SPORT\"},\"image\":{\"@id\":\"https:\/\/www.idecsport.com\/en\/#\/schema\/logo\/image\/\"},\"sameAs\":[\"https:\/\/www.facebook.com\/IDECSPORT\/\",\"https:\/\/x.com\/IdecSport\",\"https:\/\/www.linkedin.com\/company\/idecsport-racing\/\",\"https:\/\/www.youtube.com\/channel\/UCjGcu2H6w63f2_MirkRlRXw\"]},{\"@type\":\"Person\",\"@id\":\"https:\/\/www.idecsport.com\/en\/#\/schema\/person\/490ac24aa579f028d2767ae824c479c2\",\"name\":\"Fabrice Thomazeau\",\"image\":{\"@type\":\"ImageObject\",\"inLanguage\":\"en-US\",\"@id\":\"https:\/\/www.idecsport.com\/en\/#\/schema\/person\/image\/\",\"url\":\"https:\/\/secure.gravatar.com\/avatar\/559f3a11121360d4589de964a10d9bc9615d6d2717b5039f9f05007a15a0f7f4?s=96&d=mm&r=g\",\"contentUrl\":\"https:\/\/secure.gravatar.com\/avatar\/559f3a11121360d4589de964a10d9bc9615d6d2717b5039f9f05007a15a0f7f4?s=96&d=mm&r=g\",\"caption\":\"Fabrice Thomazeau\"}}]}<\/script>\n<!-- \/ Yoast SEO plugin. -->","yoast_head_json":{"title":"THE RIGHT TEMPO - IDEC SPORT","robots":{"index":"index","follow":"follow","max-snippet":"max-snippet:-1","max-image-preview":"max-image-preview:large","max-video-preview":"max-video-preview:-1"},"canonical":"https:\/\/www.idecsport.com\/en\/the-right-tempo\/","og_locale":"en_US","og_type":"article","og_title":"THE RIGHT TEMPO - IDEC SPORT","og_description":"The IDEC SPORT maxi-trimaran got straight into the pace in her attempt at the Jules Verne Trophy record.","og_url":"https:\/\/www.idecsport.com\/en\/the-right-tempo\/","og_site_name":"IDEC SPORT","article_publisher":"https:\/\/www.facebook.com\/IDECSPORT\/","article_published_time":"2016-12-16T23:00:00+00:00","article_modified_time":"2019-04-16T08:21:39+00:00","og_image":[{"width":1024,"height":683,"url":"https:\/\/www.idecsport.com\/wp-content\/uploads\/2019\/03\/2JML2558-1024x683.jpg","type":"image\/jpeg"}],"author":"Fabrice Thomazeau","twitter_card":"summary_large_image","twitter_creator":"@IdecSport","twitter_site":"@IdecSport","twitter_misc":{"Written by":"Fabrice Thomazeau","Est. reading time":"1 minute"},"schema":{"@context":"https:\/\/schema.org","@graph":[{"@type":"Article","@id":"https:\/\/www.idecsport.com\/en\/the-right-tempo\/#article","isPartOf":{"@id":"https:\/\/www.idecsport.com\/en\/the-right-tempo\/"},"author":{"name":"Fabrice Thomazeau","@id":"https:\/\/www.idecsport.com\/en\/#\/schema\/person\/490ac24aa579f028d2767ae824c479c2"},"headline":"THE RIGHT TEMPO","datePublished":"2016-12-16T23:00:00+00:00","dateModified":"2019-04-16T08:21:39+00:00","mainEntityOfPage":{"@id":"https:\/\/www.idecsport.com\/en\/the-right-tempo\/"},"wordCount":205,"publisher":{"@id":"https:\/\/www.idecsport.com\/en\/#organization"},"image":{"@id":"https:\/\/www.idecsport.com\/en\/the-right-tempo\/#primaryimage"},"thumbnailUrl":"https:\/\/www.idecsport.com\/wp-content\/uploads\/2019\/03\/2JML2558.jpg","articleSection":["Sailing"],"inLanguage":"en-US"},{"@type":"WebPage","@id":"https:\/\/www.idecsport.com\/en\/the-right-tempo\/","url":"https:\/\/www.idecsport.com\/en\/the-right-tempo\/","name":"THE RIGHT TEMPO - IDEC SPORT","isPartOf":{"@id":"https:\/\/www.idecsport.com\/en\/#website"},"primaryImageOfPage":{"@id":"https:\/\/www.idecsport.com\/en\/the-right-tempo\/#primaryimage"},"image":{"@id":"https:\/\/www.idecsport.com\/en\/the-right-tempo\/#primaryimage"},"thumbnailUrl":"https:\/\/www.idecsport.com\/wp-content\/uploads\/2019\/03\/2JML2558.jpg","datePublished":"2016-12-16T23:00:00+00:00","dateModified":"2019-04-16T08:21:39+00:00","breadcrumb":{"@id":"https:\/\/www.idecsport.com\/en\/the-right-tempo\/#breadcrumb"},"inLanguage":"en-US","potentialAction":[{"@type":"ReadAction","target":["https:\/\/www.idecsport.com\/en\/the-right-tempo\/"]}]},{"@type":"ImageObject","inLanguage":"en-US","@id":"https:\/\/www.idecsport.com\/en\/the-right-tempo\/#primaryimage","url":"https:\/\/www.idecsport.com\/wp-content\/uploads\/2019\/03\/2JML2558.jpg","contentUrl":"https:\/\/www.idecsport.com\/wp-content\/uploads\/2019\/03\/2JML2558.jpg","width":4252,"height":2835},{"@type":"BreadcrumbList","@id":"https:\/\/www.idecsport.com\/en\/the-right-tempo\/#breadcrumb","itemListElement":[{"@type":"ListItem","position":1,"name":"Accueil","item":"https:\/\/www.idecsport.com\/en\/"},{"@type":"ListItem","position":2,"name":"THE RIGHT TEMPO"}]},{"@type":"WebSite","@id":"https:\/\/www.idecsport.com\/en\/#website","url":"https:\/\/www.idecsport.com\/en\/","name":"IDEC SPORT","description":"Branche sportive du GROUPE IDEC, IDEC SPORT rassemble tous les partenariats sportifs sous une seule et m\u00eame banni\u00e8re. La voile avec Francis Joyon, le sport auto, le basket, le Football, le Rugby et l&#039;Handisport","publisher":{"@id":"https:\/\/www.idecsport.com\/en\/#organization"},"potentialAction":[{"@type":"SearchAction","target":{"@type":"EntryPoint","urlTemplate":"https:\/\/www.idecsport.com\/en\/?s={search_term_string}"},"query-input":{"@type":"PropertyValueSpecification","valueRequired":true,"valueName":"search_term_string"}}],"inLanguage":"en-US"},{"@type":"Organization","@id":"https:\/\/www.idecsport.com\/en\/#organization","name":"IDEC SPORT","url":"https:\/\/www.idecsport.com\/en\/","logo":{"@type":"ImageObject","inLanguage":"en-US","@id":"https:\/\/www.idecsport.com\/en\/#\/schema\/logo\/image\/","url":"https:\/\/www.idecsport.com\/wp-content\/uploads\/2022\/02\/Logo-IDEC-SPORT_carre_512_02-2022.jpg","contentUrl":"https:\/\/www.idecsport.com\/wp-content\/uploads\/2022\/02\/Logo-IDEC-SPORT_carre_512_02-2022.jpg","width":512,"height":512,"caption":"IDEC SPORT"},"image":{"@id":"https:\/\/www.idecsport.com\/en\/#\/schema\/logo\/image\/"},"sameAs":["https:\/\/www.facebook.com\/IDECSPORT\/","https:\/\/x.com\/IdecSport","https:\/\/www.linkedin.com\/company\/idecsport-racing\/","https:\/\/www.youtube.com\/channel\/UCjGcu2H6w63f2_MirkRlRXw"]},{"@type":"Person","@id":"https:\/\/www.idecsport.com\/en\/#\/schema\/person\/490ac24aa579f028d2767ae824c479c2","name":"Fabrice Thomazeau","image":{"@type":"ImageObject","inLanguage":"en-US","@id":"https:\/\/www.idecsport.com\/en\/#\/schema\/person\/image\/","url":"https:\/\/secure.gravatar.com\/avatar\/559f3a11121360d4589de964a10d9bc9615d6d2717b5039f9f05007a15a0f7f4?s=96&d=mm&r=g","contentUrl":"https:\/\/secure.gravatar.com\/avatar\/559f3a11121360d4589de964a10d9bc9615d6d2717b5039f9f05007a15a0f7f4?s=96&d=mm&r=g","caption":"Fabrice Thomazeau"}}]}},"_links":{"self":[{"href":"https:\/\/www.idecsport.com\/en\/wp-json\/wp\/v2\/posts\/1989","targetHints":{"allow":["GET"]}}],"collection":[{"href":"https:\/\/www.idecsport.com\/en\/wp-json\/wp\/v2\/posts"}],"about":[{"href":"https:\/\/www.idecsport.com\/en\/wp-json\/wp\/v2\/types\/post"}],"author":[{"embeddable":true,"href":"https:\/\/www.idecsport.com\/en\/wp-json\/wp\/v2\/users\/2"}],"replies":[{"embeddable":true,"href":"https:\/\/www.idecsport.com\/en\/wp-json\/wp\/v2\/comments?post=1989"}],"version-history":[{"count":1,"href":"https:\/\/www.idecsport.com\/en\/wp-json\/wp\/v2\/posts\/1989\/revisions"}],"predecessor-version":[{"id":4569,"href":"https:\/\/www.idecsport.com\/en\/wp-json\/wp\/v2\/posts\/1989\/revisions\/4569"}],"wp:featuredmedia":[{"embeddable":true,"href":"https:\/\/www.idecsport.com\/en\/wp-json\/wp\/v2\/media\/1337"}],"wp:attachment":[{"href":"https:\/\/www.idecsport.com\/en\/wp-json\/wp\/v2\/media?parent=1989"}],"wp:term":[{"taxonomy":"category","embeddable":true,"href":"https:\/\/www.idecsport.com\/en\/wp-json\/wp\/v2\/categories?post=1989"},{"taxonomy":"post_tag","embeddable":true,"href":"https:\/\/www.idecsport.com\/en\/wp-json\/wp\/v2\/tags?post=1989"}],"curies":[{"name":"wp","href":"https:\/\/api.w.org\/{rel}","templated":true}]}}