{"id":15470421,"date":"2026-04-27T18:00:00","date_gmt":"2026-04-27T16:00:00","guid":{"rendered":"https:\/\/www.idecsport.com\/?p=15470421"},"modified":"2026-04-24T15:07:22","modified_gmt":"2026-04-24T13:07:22","slug":"idec-sport-veut-confirmer-au-castellet","status":"publish","type":"post","link":"https:\/\/www.idecsport.com\/en\/idec-sport-veut-confirmer-au-castellet\/","title":{"rendered":"ELMS 2026 &#8211; Round 2: IDEC SPORT Aims to Build on Success at Le Castellet"},"content":{"rendered":"\n<p><strong>Following an instructive first round, IDEC SPORT approaches the second round of the 2026 European Le Mans Series season with determination and ambition at the Circuit Paul Ricard in Le Castellet, a true home race for the French team.<\/strong><\/p>\n\n\n\n<p><strong>In a familiar setting and in front of its partners, IDEC SPORT intends to build on the lessons learned at the start of the season to confirm its potential and aim for the front of the grid in an increasingly competitive field.<\/strong><\/p>\n\n\n\n<figure class=\"wp-block-image size-large\"><img loading=\"lazy\" decoding=\"async\" width=\"1024\" height=\"683\" src=\"https:\/\/www.idecsport.com\/wp-content\/uploads\/2026\/04\/ELMS2026_BARCELONA0000142-1-1024x683.jpg\" alt=\"P10 \u00e0 Barcelone, premi\u00e8re manche de la saison 2026 ELMS \" class=\"wp-image-15322795\" srcset=\"https:\/\/www.idecsport.com\/wp-content\/uploads\/2026\/04\/ELMS2026_BARCELONA0000142-1-1024x683.jpg 1024w, https:\/\/www.idecsport.com\/wp-content\/uploads\/2026\/04\/ELMS2026_BARCELONA0000142-1-300x200.jpg 300w, https:\/\/www.idecsport.com\/wp-content\/uploads\/2026\/04\/ELMS2026_BARCELONA0000142-1-768x512.jpg 768w, https:\/\/www.idecsport.com\/wp-content\/uploads\/2026\/04\/ELMS2026_BARCELONA0000142-1-1536x1024.jpg 1536w, https:\/\/www.idecsport.com\/wp-content\/uploads\/2026\/04\/ELMS2026_BARCELONA0000142-1-scaled.jpg 2048w, https:\/\/www.idecsport.com\/wp-content\/uploads\/2026\/04\/ELMS2026_BARCELONA0000142-1-500x333.jpg 500w\" sizes=\"auto, (max-width: 1024px) 100vw, 1024px\" \/><\/figure>\n\n\n\n<p>In the Var region, where the team has plenty of experience, the French outfit is banking on consistency and precision in execution. Between tire management, strategy, and traffic, the race once again promises to be tight in an increasingly competitive LMP2 category. IDEC SPORT knows it will have to be spot-on at every level to aim for a solid result.<\/p>\n\n\n\n<p><strong>A momentum to maintain<\/strong><\/p>\n\n\n\n<p>From free practice onward, the objective is clear: find the right balance and validate the setups under race-like conditions. The technical team, well-versed at this circuit, relies on a proven foundation while remaining attentive to track changes and the very narrow performance margins.<\/p>\n\n\n\n<figure class=\"wp-block-image size-large\"><img loading=\"lazy\" decoding=\"async\" width=\"1024\" height=\"683\" src=\"https:\/\/www.idecsport.com\/wp-content\/uploads\/2026\/04\/ELMS2026_BARCELONA0000368-1024x683.jpg\" alt=\"P4 \u00e0 Barcelone, pour la 1\u00e8re manche de la saison ELMS 2026\" class=\"wp-image-15326843\" srcset=\"https:\/\/www.idecsport.com\/wp-content\/uploads\/2026\/04\/ELMS2026_BARCELONA0000368-1024x683.jpg 1024w, https:\/\/www.idecsport.com\/wp-content\/uploads\/2026\/04\/ELMS2026_BARCELONA0000368-300x200.jpg 300w, https:\/\/www.idecsport.com\/wp-content\/uploads\/2026\/04\/ELMS2026_BARCELONA0000368-768x512.jpg 768w, https:\/\/www.idecsport.com\/wp-content\/uploads\/2026\/04\/ELMS2026_BARCELONA0000368-1536x1024.jpg 1536w, https:\/\/www.idecsport.com\/wp-content\/uploads\/2026\/04\/ELMS2026_BARCELONA0000368-scaled.jpg 2048w, https:\/\/www.idecsport.com\/wp-content\/uploads\/2026\/04\/ELMS2026_BARCELONA0000368-500x333.jpg 500w\" sizes=\"auto, (max-width: 1024px) 100vw, 1024px\" \/><\/figure>\n\n\n\n<p>Whether over a single lap or a full stint, consistency will be key. At Le Castellet, the long straights and rapid sequences leave little room for error. IDEC SPORT will therefore need to demonstrate mastery to turn its potential into results. Note that this year, the ELMS will use the Paul Ricard configuration with the chicane in the middle of the Mistral straight, as in F1.<\/p>\n\n\n\n<p><strong><strong>Clear Ambitions<\/strong><\/strong><\/p>\n\n\n\n<p>For <strong>Patrice Lafargue<\/strong>, president of IDEC SPORT, the mindset is clear:<\/p>\n\n\n\n<p>\u201c<em>Le Castellet is a special track for us, almost a second home. It\u2019s here that we truly feel the support of our partners and our ecosystem. After an encouraging start to the season, the goal is clear: to take the next step and deliver results. The team is working hard, and I\u2019m confident in our ability to compete at the front of the field.<\/em> \u201d<\/p>\n\n\n\n<p>For his part, <strong>Nicolas Minassian<\/strong>, Team Principal, emphasizes the necessary rigor:<\/p>\n\n\n\n<p>\u201c<em>As seen in Barcelona, the competition is extremely strong. Details and consistency will be key on a track that puts the tires through a grueling test. Since the first round in Spain, we\u2019ve analyzed our performance against the competition to pinpoint exactly where we need to improve. We need to execute our race cleanly, just like in Barcelona with the #18 car. I have complete confidence in the team and the drivers, who know this circuit well\u2014our home track at IDEC SPORT.<\/em>\u201d<\/p>\n\n\n\n<figure class=\"wp-block-image size-large\"><img loading=\"lazy\" decoding=\"async\" width=\"1024\" height=\"683\" src=\"https:\/\/www.idecsport.com\/wp-content\/uploads\/2026\/04\/ELMS2026_BARCELONA0000695-1024x683.jpg\" alt=\"IDEC SPORT veut confirmer au Castellet\" class=\"wp-image-15469481\" srcset=\"https:\/\/www.idecsport.com\/wp-content\/uploads\/2026\/04\/ELMS2026_BARCELONA0000695-1024x683.jpg 1024w, https:\/\/www.idecsport.com\/wp-content\/uploads\/2026\/04\/ELMS2026_BARCELONA0000695-300x200.jpg 300w, https:\/\/www.idecsport.com\/wp-content\/uploads\/2026\/04\/ELMS2026_BARCELONA0000695-768x512.jpg 768w, https:\/\/www.idecsport.com\/wp-content\/uploads\/2026\/04\/ELMS2026_BARCELONA0000695-1536x1024.jpg 1536w, https:\/\/www.idecsport.com\/wp-content\/uploads\/2026\/04\/ELMS2026_BARCELONA0000695-scaled.jpg 2048w, https:\/\/www.idecsport.com\/wp-content\/uploads\/2026\/04\/ELMS2026_BARCELONA0000695-500x333.jpg 500w\" sizes=\"auto, (max-width: 1024px) 100vw, 1024px\" \/><\/figure>\n\n\n\n<p><strong><strong>Two crews ready to take on the challenge<\/strong><\/strong><\/p>\n\n\n\n<p><strong>Paul Lafargue, #28<\/strong><\/p>\n\n\n\n<p>\u201c<em>After a first round in Barcelona that fell short of our expectations, the entire IDEC SPORT team has rallied. The team spirit is very positive, and there\u2019s a real sense of unity within the group, driven by a shared desire to demonstrate our potential. Arriving at Le Castellet, our home race, naturally provides an extra boost of motivation in this highly competitive championship. It\u2019s a track we know well, and we\u2019d love to perform well in front of our partners and our fans. <\/em>\u201d<\/p>\n\n\n\n<p><strong>Paul-Loup Chatin, #28<\/strong><\/p>\n\n\n\n<p>\u201c<em>Very happy to be back at Le Castellet for our home race. It\u2019s always a real pleasure for us at IDEC to compete in this round just a few kilometers from the workshop. We showed some great things throughout the week in Barcelona, even if it didn\u2019t translate into results in the race. So we\u2019re determined to turn this trend around starting at Le Castellet, in order to quickly reposition ourselves at the front of the pack, where the best performances happen. I can\u2019t wait to get there, and I\u2019m convinced it will be a great round for us.<\/em>\u201d<\/p>\n\n\n\n<p><strong>Job Van Uitert, #28<\/strong><\/p>\n\n\n\n<p>\u201c<em>The Paul Ricard circuit usually delivers exciting races. Tire degradation is relatively low, which allows for two consecutive stints. The focus is on precision in execution and strategy. The field is always very tight\u2014the race promises to be thrilling!<\/em>\u201d<\/p>\n\n\n\n<figure class=\"wp-block-image size-large\"><img loading=\"lazy\" decoding=\"async\" width=\"1024\" height=\"683\" src=\"https:\/\/www.idecsport.com\/wp-content\/uploads\/2026\/04\/ELMS2026_BARCELONA0000738-1024x683.jpg\" alt=\"IDEC SPORT veut confirmer au Castellet\" class=\"wp-image-15469485\" srcset=\"https:\/\/www.idecsport.com\/wp-content\/uploads\/2026\/04\/ELMS2026_BARCELONA0000738-1024x683.jpg 1024w, https:\/\/www.idecsport.com\/wp-content\/uploads\/2026\/04\/ELMS2026_BARCELONA0000738-300x200.jpg 300w, https:\/\/www.idecsport.com\/wp-content\/uploads\/2026\/04\/ELMS2026_BARCELONA0000738-768x512.jpg 768w, https:\/\/www.idecsport.com\/wp-content\/uploads\/2026\/04\/ELMS2026_BARCELONA0000738-1536x1024.jpg 1536w, https:\/\/www.idecsport.com\/wp-content\/uploads\/2026\/04\/ELMS2026_BARCELONA0000738-scaled.jpg 2048w, https:\/\/www.idecsport.com\/wp-content\/uploads\/2026\/04\/ELMS2026_BARCELONA0000738-500x333.jpg 500w\" sizes=\"auto, (max-width: 1024px) 100vw, 1024px\" \/><\/figure>\n\n\n\n<p><strong>Jamie Chadwick, #18<\/strong><\/p>\n\n\n\n<p>\u201c<em>We\u2019re excited. We had a very positive first race, even though we just missed the podium. That makes us even more hungry for what\u2019s to come. We\u2019ve started the season well by working effectively together, and we\u2019re committed to keeping this momentum going. The Paul Ricard circuit is very unique. It\u2019s a track that lends itself well to racing, especially in the ELMS with the different categories on the track. Conditions there are often changeable, as they were last year with a mix of rain and dry track, which can always lead to surprises. It\u2019s a circuit I\u2019m looking forward to returning to, and for the team, this home race is an event for which we\u2019re particularly motivated to give our best.<\/em>\u201d<\/p>\n\n\n\n<p><strong>Laurents H\u00f6rr, #18<\/strong><\/p>\n\n\n\n<p><em>\u201cAs a brand-new crew, we learned a lot during that first race in Barcelona, and we want to leverage our collective strengths to move forward at Paul Ricard. We\u2019re going to try to focus more on our base setup and improve it gradually. The team did an excellent job with strategy in Barcelona; we need to keep that momentum going.\u201d<\/em><\/p>\n\n\n\n<p><strong>Valerio Rinicella, #18<\/strong><\/p>\n\n\n\n<p>\u201c<em>Paul Ricard was my very first race with IDEC Sport. It was an incredible experience: a French team and a race in France. I\u2019m really looking forward to returning to where it all began. I\u2019m super excited and can\u2019t wait to race there again.<\/em>\u201d<\/p>\n\n\n\n<figure class=\"wp-block-image size-large\"><img loading=\"lazy\" decoding=\"async\" width=\"1024\" height=\"683\" src=\"https:\/\/www.idecsport.com\/wp-content\/uploads\/2026\/04\/ELMS2026_BARCELONA0000748-1024x683.jpg\" alt=\"IDEC SPORT veut confirmer au Castellet\" class=\"wp-image-15469489\" srcset=\"https:\/\/www.idecsport.com\/wp-content\/uploads\/2026\/04\/ELMS2026_BARCELONA0000748-1024x683.jpg 1024w, https:\/\/www.idecsport.com\/wp-content\/uploads\/2026\/04\/ELMS2026_BARCELONA0000748-300x200.jpg 300w, https:\/\/www.idecsport.com\/wp-content\/uploads\/2026\/04\/ELMS2026_BARCELONA0000748-768x512.jpg 768w, https:\/\/www.idecsport.com\/wp-content\/uploads\/2026\/04\/ELMS2026_BARCELONA0000748-1536x1024.jpg 1536w, https:\/\/www.idecsport.com\/wp-content\/uploads\/2026\/04\/ELMS2026_BARCELONA0000748-scaled.jpg 2048w, https:\/\/www.idecsport.com\/wp-content\/uploads\/2026\/04\/ELMS2026_BARCELONA0000748-500x333.jpg 500w\" sizes=\"auto, (max-width: 1024px) 100vw, 1024px\" \/><\/figure>\n\n\n\n<p><strong><strong>Le Castellet, a turning point<\/strong><\/strong><\/p>\n\n\n\n<p>More than just another round, this second race is already shaping up to be a key turning point of the season. On a technical and strategic circuit, IDEC SPORT aims to confirm its ambitions and score valuable points in the championship. See you at the Paul Ricard track for a weekend that could already prove decisive in the title race.<\/p>\n\n\n\n<p><strong>Friday, May 1, Free Practice 1 will begin at 11:50 a.m. and last for 1 hour and 30 minutes. On Saturday, May 2, Free Practice 2 will take place at 10:10 a.m., followed by qualifying at 4:16 p.m., before the grid lines up for the second round of the season on Sunday, May 3, at 12:00 p.m., which can be followed live on <a href=\"https:\/\/plus.fiawec.com\/fr\">https:\/\/plus.fiawec.com\/fr<\/a>.<\/strong><\/p>\n\n\n\n<p><strong>Teams overall &#8211; ELMS 2026<\/strong><\/p>\n\n\n\n<ol start=\"1\" class=\"wp-block-list\">\n<li>Forestier Racing by Panis &#8211; 25 points<\/li>\n\n\n\n<li>Inter Europool Competition &#8211; 18 points<\/li>\n\n\n\n<li>United Autosport &#8211; 15 points<\/li>\n\n\n\n<li><strong>IDEC SPORT #18 &#8211; 12 points<\/strong><\/li>\n\n\n\n<li>&#8230;.<\/li>\n<\/ol>\n\n\n\n<p><strong>&nbsp; &nbsp; &nbsp;10\u00e8me &#8211; IDEC SPORT #28 &#8211; 1 point<\/strong><\/p>\n\n\n\n<p><strong>Drivers overall &#8211; ELMS 2026<\/strong><\/p>\n\n\n\n<ol start=\"1\" class=\"wp-block-list\">\n<li>ESTEBAN MASSON,&nbsp;LOUIS ROUSSET,&nbsp;OLIVER GRAY &#8211; 25 points<\/li>\n\n\n\n<li>BIJOY GARG,&nbsp;RESHAD DE G\u00c9RUS &#8211; 18 points<\/li>\n\n\n\n<li>BENJAMIN HANLEY,&nbsp;GR\u00c9GOIRE SAUCY,&nbsp;GRIFFIN PEEBLES &#8211; 15 points<\/li>\n\n\n\n<li><strong>JAMIE CHADWICK,&nbsp;LAURENTS H\u00d6RR,&nbsp;VALERIO RINICELLA &#8211; 12 points<\/strong><\/li>\n\n\n\n<li>&#8230;.Bas du formulaire<\/li>\n<\/ol>\n\n\n\n<p><strong>&nbsp;&nbsp;&nbsp;&nbsp; 10\u00e8me &#8211; PAUL LAFARGUE, PAUL-LOUP CHATIN, JOB VAN UITERT &#8211; 1 point<\/strong><\/p>\n\n\n\n<figure class=\"wp-block-embed is-type-video is-provider-youtube wp-block-embed-youtube wp-embed-aspect-16-9 wp-has-aspect-ratio\"><div class=\"wp-block-embed__wrapper\">\n<iframe loading=\"lazy\" title=\"IDEC SPORT fr\u00f4le le podium \u00e0 Barcelone \ud83d\udd25 Une 4\u00e8me place pleine de promesses | ELMS 2026\" width=\"500\" height=\"281\" src=\"https:\/\/www.youtube.com\/embed\/2g-9An7TDnc?feature=oembed\" frameborder=\"0\" allow=\"accelerometer; autoplay; clipboard-write; encrypted-media; gyroscope; picture-in-picture; web-share\" referrerpolicy=\"strict-origin-when-cross-origin\" allowfullscreen><\/iframe>\n<\/div><\/figure>\n","protected":false},"excerpt":{"rendered":"<p>Following an instructive first round, IDEC SPORT approaches the second round of the 2026 European Le Mans Series season with determination and ambition at the Circuit Paul Ricard in Le Castellet, a true home race for the French team. In a familiar setting and in front of its partners, IDEC SPORT intends to build on &hellip;<\/p>\n","protected":false},"author":29,"featured_media":15469491,"comment_status":"closed","ping_status":"closed","sticky":false,"template":"","format":"standard","meta":{"footnotes":""},"categories":[10,57],"tags":[],"class_list":["post-15470421","post","type-post","status-publish","format-standard","has-post-thumbnail","hentry","category-car-racing","category-diffusion-groupe-idec-en"],"yoast_head":"<!-- This site is optimized with the Yoast SEO plugin v27.1.1 - https:\/\/yoast.com\/product\/yoast-seo-wordpress\/ -->\n<title>ELMS 2026 - Round 2: IDEC SPORT Aims to Build on Success at Le Castellet - IDEC SPORT<\/title>\n<meta name=\"description\" content=\"IDEC SPORT aborde la deuxi\u00e8me \u00e9preuve avec d\u00e9termination et ambition, sur le circuit du Castellet, v\u00e9ritable rendez-vous \u00e0 domicile.\" \/>\n<meta name=\"robots\" content=\"index, follow, max-snippet:-1, max-image-preview:large, max-video-preview:-1\" \/>\n<link rel=\"canonical\" href=\"https:\/\/www.idecsport.com\/en\/idec-sport-veut-confirmer-au-castellet\/\" \/>\n<meta property=\"og:locale\" content=\"en_US\" \/>\n<meta property=\"og:type\" content=\"article\" \/>\n<meta property=\"og:title\" content=\"ELMS 2026 - Round 2: IDEC SPORT Aims to Build on Success at Le Castellet - IDEC SPORT\" \/>\n<meta property=\"og:description\" content=\"IDEC SPORT aborde la deuxi\u00e8me \u00e9preuve avec d\u00e9termination et ambition, sur le circuit du Castellet, v\u00e9ritable rendez-vous \u00e0 domicile.\" \/>\n<meta property=\"og:url\" content=\"https:\/\/www.idecsport.com\/en\/idec-sport-veut-confirmer-au-castellet\/\" \/>\n<meta property=\"og:site_name\" content=\"IDEC SPORT\" \/>\n<meta property=\"article:publisher\" content=\"https:\/\/www.facebook.com\/IDECSPORT\/\" \/>\n<meta property=\"article:published_time\" content=\"2026-04-27T16:00:00+00:00\" \/>\n<meta property=\"og:image\" content=\"https:\/\/www.idecsport.com\/wp-content\/uploads\/2026\/04\/ELMS2026_BARCELONA0000748-scaled.jpg\" \/>\n\t<meta property=\"og:image:width\" content=\"2048\" \/>\n\t<meta property=\"og:image:height\" content=\"1365\" \/>\n\t<meta property=\"og:image:type\" content=\"image\/jpeg\" \/>\n<meta name=\"author\" content=\"St\u00e9phanie Val\" \/>\n<meta name=\"twitter:card\" content=\"summary_large_image\" \/>\n<meta name=\"twitter:creator\" content=\"@IdecSport\" \/>\n<meta name=\"twitter:site\" content=\"@IdecSport\" \/>\n<meta name=\"twitter:label1\" content=\"Written by\" \/>\n\t<meta name=\"twitter:data1\" content=\"St\u00e9phanie Val\" \/>\n\t<meta name=\"twitter:label2\" content=\"Est. reading time\" \/>\n\t<meta name=\"twitter:data2\" content=\"7 minutes\" \/>\n<script type=\"application\/ld+json\" class=\"yoast-schema-graph\">{\"@context\":\"https:\/\/schema.org\",\"@graph\":[{\"@type\":\"Article\",\"@id\":\"https:\/\/www.idecsport.com\/en\/idec-sport-veut-confirmer-au-castellet\/#article\",\"isPartOf\":{\"@id\":\"https:\/\/www.idecsport.com\/en\/idec-sport-veut-confirmer-au-castellet\/\"},\"author\":{\"name\":\"St\u00e9phanie Val\",\"@id\":\"https:\/\/www.idecsport.com\/en\/#\/schema\/person\/34dd83a63f9e14dd8eaddcae8c033d3b\"},\"headline\":\"ELMS 2026 &#8211; Round 2: IDEC SPORT Aims to Build on Success at Le Castellet\",\"datePublished\":\"2026-04-27T16:00:00+00:00\",\"mainEntityOfPage\":{\"@id\":\"https:\/\/www.idecsport.com\/en\/idec-sport-veut-confirmer-au-castellet\/\"},\"wordCount\":1159,\"publisher\":{\"@id\":\"https:\/\/www.idecsport.com\/en\/#organization\"},\"image\":{\"@id\":\"https:\/\/www.idecsport.com\/en\/idec-sport-veut-confirmer-au-castellet\/#primaryimage\"},\"thumbnailUrl\":\"https:\/\/www.idecsport.com\/wp-content\/uploads\/2026\/04\/ELMS2026_BARCELONA0000748-scaled.jpg\",\"articleSection\":[\"Car racing\",\"Diffusion Groupe IDEC\"],\"inLanguage\":\"en-US\"},{\"@type\":\"WebPage\",\"@id\":\"https:\/\/www.idecsport.com\/en\/idec-sport-veut-confirmer-au-castellet\/\",\"url\":\"https:\/\/www.idecsport.com\/en\/idec-sport-veut-confirmer-au-castellet\/\",\"name\":\"ELMS 2026 - Round 2: IDEC SPORT Aims to Build on Success at Le Castellet - IDEC SPORT\",\"isPartOf\":{\"@id\":\"https:\/\/www.idecsport.com\/en\/#website\"},\"primaryImageOfPage\":{\"@id\":\"https:\/\/www.idecsport.com\/en\/idec-sport-veut-confirmer-au-castellet\/#primaryimage\"},\"image\":{\"@id\":\"https:\/\/www.idecsport.com\/en\/idec-sport-veut-confirmer-au-castellet\/#primaryimage\"},\"thumbnailUrl\":\"https:\/\/www.idecsport.com\/wp-content\/uploads\/2026\/04\/ELMS2026_BARCELONA0000748-scaled.jpg\",\"datePublished\":\"2026-04-27T16:00:00+00:00\",\"description\":\"IDEC SPORT aborde la deuxi\u00e8me \u00e9preuve avec d\u00e9termination et ambition, sur le circuit du Castellet, v\u00e9ritable rendez-vous \u00e0 domicile.\",\"breadcrumb\":{\"@id\":\"https:\/\/www.idecsport.com\/en\/idec-sport-veut-confirmer-au-castellet\/#breadcrumb\"},\"inLanguage\":\"en-US\",\"potentialAction\":[{\"@type\":\"ReadAction\",\"target\":[\"https:\/\/www.idecsport.com\/en\/idec-sport-veut-confirmer-au-castellet\/\"]}]},{\"@type\":\"ImageObject\",\"inLanguage\":\"en-US\",\"@id\":\"https:\/\/www.idecsport.com\/en\/idec-sport-veut-confirmer-au-castellet\/#primaryimage\",\"url\":\"https:\/\/www.idecsport.com\/wp-content\/uploads\/2026\/04\/ELMS2026_BARCELONA0000748-scaled.jpg\",\"contentUrl\":\"https:\/\/www.idecsport.com\/wp-content\/uploads\/2026\/04\/ELMS2026_BARCELONA0000748-scaled.jpg\",\"width\":2048,\"height\":1365,\"caption\":\"FIAWEC PROLOGUE Lusail Circuit - Doha - Qatar\"},{\"@type\":\"BreadcrumbList\",\"@id\":\"https:\/\/www.idecsport.com\/en\/idec-sport-veut-confirmer-au-castellet\/#breadcrumb\",\"itemListElement\":[{\"@type\":\"ListItem\",\"position\":1,\"name\":\"Accueil\",\"item\":\"https:\/\/www.idecsport.com\/en\/\"},{\"@type\":\"ListItem\",\"position\":2,\"name\":\"ELMS 2026 &#8211; Round 2: IDEC SPORT Aims to Build on Success at Le Castellet\"}]},{\"@type\":\"WebSite\",\"@id\":\"https:\/\/www.idecsport.com\/en\/#website\",\"url\":\"https:\/\/www.idecsport.com\/en\/\",\"name\":\"IDEC SPORT\",\"description\":\"Branche sportive du GROUPE IDEC, IDEC SPORT rassemble tous les partenariats sportifs sous une seule et m\u00eame banni\u00e8re. La voile avec Francis Joyon, le sport auto, le basket, le Football, le Rugby et l&#039;Handisport\",\"publisher\":{\"@id\":\"https:\/\/www.idecsport.com\/en\/#organization\"},\"potentialAction\":[{\"@type\":\"SearchAction\",\"target\":{\"@type\":\"EntryPoint\",\"urlTemplate\":\"https:\/\/www.idecsport.com\/en\/?s={search_term_string}\"},\"query-input\":{\"@type\":\"PropertyValueSpecification\",\"valueRequired\":true,\"valueName\":\"search_term_string\"}}],\"inLanguage\":\"en-US\"},{\"@type\":\"Organization\",\"@id\":\"https:\/\/www.idecsport.com\/en\/#organization\",\"name\":\"IDEC SPORT\",\"url\":\"https:\/\/www.idecsport.com\/en\/\",\"logo\":{\"@type\":\"ImageObject\",\"inLanguage\":\"en-US\",\"@id\":\"https:\/\/www.idecsport.com\/en\/#\/schema\/logo\/image\/\",\"url\":\"https:\/\/www.idecsport.com\/wp-content\/uploads\/2022\/02\/Logo-IDEC-SPORT_carre_512_02-2022.jpg\",\"contentUrl\":\"https:\/\/www.idecsport.com\/wp-content\/uploads\/2022\/02\/Logo-IDEC-SPORT_carre_512_02-2022.jpg\",\"width\":512,\"height\":512,\"caption\":\"IDEC SPORT\"},\"image\":{\"@id\":\"https:\/\/www.idecsport.com\/en\/#\/schema\/logo\/image\/\"},\"sameAs\":[\"https:\/\/www.facebook.com\/IDECSPORT\/\",\"https:\/\/x.com\/IdecSport\",\"https:\/\/www.linkedin.com\/company\/idecsport-racing\/\",\"https:\/\/www.youtube.com\/channel\/UCjGcu2H6w63f2_MirkRlRXw\"]},{\"@type\":\"Person\",\"@id\":\"https:\/\/www.idecsport.com\/en\/#\/schema\/person\/34dd83a63f9e14dd8eaddcae8c033d3b\",\"name\":\"St\u00e9phanie Val\",\"image\":{\"@type\":\"ImageObject\",\"inLanguage\":\"en-US\",\"@id\":\"https:\/\/www.idecsport.com\/en\/#\/schema\/person\/image\/\",\"url\":\"https:\/\/secure.gravatar.com\/avatar\/8cbb07882a52feccd30ac0cfc7563edbf4f7cc90c7d3c98b53f48b659ee8c74e?s=96&d=mm&r=g\",\"contentUrl\":\"https:\/\/secure.gravatar.com\/avatar\/8cbb07882a52feccd30ac0cfc7563edbf4f7cc90c7d3c98b53f48b659ee8c74e?s=96&d=mm&r=g\",\"caption\":\"St\u00e9phanie Val\"}}]}<\/script>\n<!-- \/ Yoast SEO plugin. -->","yoast_head_json":{"title":"ELMS 2026 - Round 2: IDEC SPORT Aims to Build on Success at Le Castellet - IDEC SPORT","description":"IDEC SPORT aborde la deuxi\u00e8me \u00e9preuve avec d\u00e9termination et ambition, sur le circuit du Castellet, v\u00e9ritable rendez-vous \u00e0 domicile.","robots":{"index":"index","follow":"follow","max-snippet":"max-snippet:-1","max-image-preview":"max-image-preview:large","max-video-preview":"max-video-preview:-1"},"canonical":"https:\/\/www.idecsport.com\/en\/idec-sport-veut-confirmer-au-castellet\/","og_locale":"en_US","og_type":"article","og_title":"ELMS 2026 - Round 2: IDEC SPORT Aims to Build on Success at Le Castellet - IDEC SPORT","og_description":"IDEC SPORT aborde la deuxi\u00e8me \u00e9preuve avec d\u00e9termination et ambition, sur le circuit du Castellet, v\u00e9ritable rendez-vous \u00e0 domicile.","og_url":"https:\/\/www.idecsport.com\/en\/idec-sport-veut-confirmer-au-castellet\/","og_site_name":"IDEC SPORT","article_publisher":"https:\/\/www.facebook.com\/IDECSPORT\/","article_published_time":"2026-04-27T16:00:00+00:00","og_image":[{"width":2048,"height":1365,"url":"https:\/\/www.idecsport.com\/wp-content\/uploads\/2026\/04\/ELMS2026_BARCELONA0000748-scaled.jpg","type":"image\/jpeg"}],"author":"St\u00e9phanie Val","twitter_card":"summary_large_image","twitter_creator":"@IdecSport","twitter_site":"@IdecSport","twitter_misc":{"Written by":"St\u00e9phanie Val","Est. reading time":"7 minutes"},"schema":{"@context":"https:\/\/schema.org","@graph":[{"@type":"Article","@id":"https:\/\/www.idecsport.com\/en\/idec-sport-veut-confirmer-au-castellet\/#article","isPartOf":{"@id":"https:\/\/www.idecsport.com\/en\/idec-sport-veut-confirmer-au-castellet\/"},"author":{"name":"St\u00e9phanie Val","@id":"https:\/\/www.idecsport.com\/en\/#\/schema\/person\/34dd83a63f9e14dd8eaddcae8c033d3b"},"headline":"ELMS 2026 &#8211; Round 2: IDEC SPORT Aims to Build on Success at Le Castellet","datePublished":"2026-04-27T16:00:00+00:00","mainEntityOfPage":{"@id":"https:\/\/www.idecsport.com\/en\/idec-sport-veut-confirmer-au-castellet\/"},"wordCount":1159,"publisher":{"@id":"https:\/\/www.idecsport.com\/en\/#organization"},"image":{"@id":"https:\/\/www.idecsport.com\/en\/idec-sport-veut-confirmer-au-castellet\/#primaryimage"},"thumbnailUrl":"https:\/\/www.idecsport.com\/wp-content\/uploads\/2026\/04\/ELMS2026_BARCELONA0000748-scaled.jpg","articleSection":["Car racing","Diffusion Groupe IDEC"],"inLanguage":"en-US"},{"@type":"WebPage","@id":"https:\/\/www.idecsport.com\/en\/idec-sport-veut-confirmer-au-castellet\/","url":"https:\/\/www.idecsport.com\/en\/idec-sport-veut-confirmer-au-castellet\/","name":"ELMS 2026 - Round 2: IDEC SPORT Aims to Build on Success at Le Castellet - IDEC SPORT","isPartOf":{"@id":"https:\/\/www.idecsport.com\/en\/#website"},"primaryImageOfPage":{"@id":"https:\/\/www.idecsport.com\/en\/idec-sport-veut-confirmer-au-castellet\/#primaryimage"},"image":{"@id":"https:\/\/www.idecsport.com\/en\/idec-sport-veut-confirmer-au-castellet\/#primaryimage"},"thumbnailUrl":"https:\/\/www.idecsport.com\/wp-content\/uploads\/2026\/04\/ELMS2026_BARCELONA0000748-scaled.jpg","datePublished":"2026-04-27T16:00:00+00:00","description":"IDEC SPORT aborde la deuxi\u00e8me \u00e9preuve avec d\u00e9termination et ambition, sur le circuit du Castellet, v\u00e9ritable rendez-vous \u00e0 domicile.","breadcrumb":{"@id":"https:\/\/www.idecsport.com\/en\/idec-sport-veut-confirmer-au-castellet\/#breadcrumb"},"inLanguage":"en-US","potentialAction":[{"@type":"ReadAction","target":["https:\/\/www.idecsport.com\/en\/idec-sport-veut-confirmer-au-castellet\/"]}]},{"@type":"ImageObject","inLanguage":"en-US","@id":"https:\/\/www.idecsport.com\/en\/idec-sport-veut-confirmer-au-castellet\/#primaryimage","url":"https:\/\/www.idecsport.com\/wp-content\/uploads\/2026\/04\/ELMS2026_BARCELONA0000748-scaled.jpg","contentUrl":"https:\/\/www.idecsport.com\/wp-content\/uploads\/2026\/04\/ELMS2026_BARCELONA0000748-scaled.jpg","width":2048,"height":1365,"caption":"FIAWEC PROLOGUE Lusail Circuit - Doha - Qatar"},{"@type":"BreadcrumbList","@id":"https:\/\/www.idecsport.com\/en\/idec-sport-veut-confirmer-au-castellet\/#breadcrumb","itemListElement":[{"@type":"ListItem","position":1,"name":"Accueil","item":"https:\/\/www.idecsport.com\/en\/"},{"@type":"ListItem","position":2,"name":"ELMS 2026 &#8211; Round 2: IDEC SPORT Aims to Build on Success at Le Castellet"}]},{"@type":"WebSite","@id":"https:\/\/www.idecsport.com\/en\/#website","url":"https:\/\/www.idecsport.com\/en\/","name":"IDEC SPORT","description":"Branche sportive du GROUPE IDEC, IDEC SPORT rassemble tous les partenariats sportifs sous une seule et m\u00eame banni\u00e8re. La voile avec Francis Joyon, le sport auto, le basket, le Football, le Rugby et l&#039;Handisport","publisher":{"@id":"https:\/\/www.idecsport.com\/en\/#organization"},"potentialAction":[{"@type":"SearchAction","target":{"@type":"EntryPoint","urlTemplate":"https:\/\/www.idecsport.com\/en\/?s={search_term_string}"},"query-input":{"@type":"PropertyValueSpecification","valueRequired":true,"valueName":"search_term_string"}}],"inLanguage":"en-US"},{"@type":"Organization","@id":"https:\/\/www.idecsport.com\/en\/#organization","name":"IDEC SPORT","url":"https:\/\/www.idecsport.com\/en\/","logo":{"@type":"ImageObject","inLanguage":"en-US","@id":"https:\/\/www.idecsport.com\/en\/#\/schema\/logo\/image\/","url":"https:\/\/www.idecsport.com\/wp-content\/uploads\/2022\/02\/Logo-IDEC-SPORT_carre_512_02-2022.jpg","contentUrl":"https:\/\/www.idecsport.com\/wp-content\/uploads\/2022\/02\/Logo-IDEC-SPORT_carre_512_02-2022.jpg","width":512,"height":512,"caption":"IDEC SPORT"},"image":{"@id":"https:\/\/www.idecsport.com\/en\/#\/schema\/logo\/image\/"},"sameAs":["https:\/\/www.facebook.com\/IDECSPORT\/","https:\/\/x.com\/IdecSport","https:\/\/www.linkedin.com\/company\/idecsport-racing\/","https:\/\/www.youtube.com\/channel\/UCjGcu2H6w63f2_MirkRlRXw"]},{"@type":"Person","@id":"https:\/\/www.idecsport.com\/en\/#\/schema\/person\/34dd83a63f9e14dd8eaddcae8c033d3b","name":"St\u00e9phanie Val","image":{"@type":"ImageObject","inLanguage":"en-US","@id":"https:\/\/www.idecsport.com\/en\/#\/schema\/person\/image\/","url":"https:\/\/secure.gravatar.com\/avatar\/8cbb07882a52feccd30ac0cfc7563edbf4f7cc90c7d3c98b53f48b659ee8c74e?s=96&d=mm&r=g","contentUrl":"https:\/\/secure.gravatar.com\/avatar\/8cbb07882a52feccd30ac0cfc7563edbf4f7cc90c7d3c98b53f48b659ee8c74e?s=96&d=mm&r=g","caption":"St\u00e9phanie Val"}}]}},"_links":{"self":[{"href":"https:\/\/www.idecsport.com\/en\/wp-json\/wp\/v2\/posts\/15470421","targetHints":{"allow":["GET"]}}],"collection":[{"href":"https:\/\/www.idecsport.com\/en\/wp-json\/wp\/v2\/posts"}],"about":[{"href":"https:\/\/www.idecsport.com\/en\/wp-json\/wp\/v2\/types\/post"}],"author":[{"embeddable":true,"href":"https:\/\/www.idecsport.com\/en\/wp-json\/wp\/v2\/users\/29"}],"replies":[{"embeddable":true,"href":"https:\/\/www.idecsport.com\/en\/wp-json\/wp\/v2\/comments?post=15470421"}],"version-history":[{"count":3,"href":"https:\/\/www.idecsport.com\/en\/wp-json\/wp\/v2\/posts\/15470421\/revisions"}],"predecessor-version":[{"id":15470471,"href":"https:\/\/www.idecsport.com\/en\/wp-json\/wp\/v2\/posts\/15470421\/revisions\/15470471"}],"wp:featuredmedia":[{"embeddable":true,"href":"https:\/\/www.idecsport.com\/en\/wp-json\/wp\/v2\/media\/15469491"}],"wp:attachment":[{"href":"https:\/\/www.idecsport.com\/en\/wp-json\/wp\/v2\/media?parent=15470421"}],"wp:term":[{"taxonomy":"category","embeddable":true,"href":"https:\/\/www.idecsport.com\/en\/wp-json\/wp\/v2\/categories?post=15470421"},{"taxonomy":"post_tag","embeddable":true,"href":"https:\/\/www.idecsport.com\/en\/wp-json\/wp\/v2\/tags?post=15470421"}],"curies":[{"name":"wp","href":"https:\/\/api.w.org\/{rel}","templated":true}]}}